{"id":3643,"date":"2024-11-30T17:24:09","date_gmt":"2024-11-30T17:24:09","guid":{"rendered":"http:\/\/schneidemuehl.net\/?p=3643"},"modified":"2024-11-30T17:25:23","modified_gmt":"2024-11-30T17:25:23","slug":"alte-postkarten-bilder-aus-schneidemuehl-pila","status":"publish","type":"post","link":"https:\/\/schneidemuehl.net\/index.php\/2024\/11\/30\/alte-postkarten-bilder-aus-schneidemuehl-pila\/","title":{"rendered":"Alte Postkarten\/Bilder aus Schneidem\u00fchl\/Pi\u0142a"},"content":{"rendered":"\n<p>Wer Interesse an zus\u00e4tzlichen alten Ansichten der Stadt Schneidem\u00fchl\/Pi\u0142a hat. Ich wurde angeschrieben und gebeten die Seite zu verlinken.<\/p>\n\n\n\n<p>Viel Spa\u00df beim st\u00f6bern.<\/p>\n\n\n\n<p><a href=\"http:\/\/www.pocztowki-schneidemuhl.pila.pl\">www.pocztowki-schneidemuhl.pila.pl<\/a><\/p>\n\n\n\n<p>&#8222;Guten Morgen,<br>Ich habe eine Website, auf der ich meine Sammlung von Postkarten und Fotos aus Pi\u0142a aus der Vor- und Nachkriegszeit pr\u00e4sentiere. Alle Postkarten und Fotos sind mein Eigentum. Ich w\u00fcrde mich sehr freuen, wenn Sie den Link auf Ihrer Website teilen.,<br><br>Beste gr\u00fc\u00dfe,<br>Maciej Pyrek<br><\/p>\n\n\n\n<p>&#8212;&nbsp;<br>&#8212;&#8212;&#8212;&#8212;-<br>Poczt\u00f3wki Schneidem\u00fchl &#8211; Pi\u0142a<br><a href=\"http:\/\/www.pocztowki-schneidemuhl.pila.pl\">www.pocztowki-schneidemuhl.pila.pl<\/a><br><a href=\"http:\/\/www.facebook.com\/pocztowkipila\">www.facebook.com\/pocztowkipila<\/a><br><a href=\"mailto:kontakt@pocztowki-schneidemuhl.pila.pl\">kontakt@pocztowki-schneidemuhl.pila.pl<\/a> &#8222;<\/p>\n","protected":false},"excerpt":{"rendered":"<p>Wer Interesse an zus\u00e4tzlichen alten Ansichten der Stadt Schneidem\u00fchl\/Pi\u0142a hat. Ich wurde angeschrieben und gebeten die Seite zu verlinken. Viel Spa\u00df beim st\u00f6bern. www.pocztowki-schneidemuhl.pila.pl &#8222;Guten Morgen,Ich habe eine Website, auf der ich meine Sammlung von Postkarten und Fotos aus Pi\u0142a aus der Vor- und Nachkriegszeit pr\u00e4sentiere. Alle Postkarten und Fotos sind mein Eigentum. Ich w\u00fcrde &hellip; <\/p>\n<p class=\"link-more\"><a href=\"https:\/\/schneidemuehl.net\/index.php\/2024\/11\/30\/alte-postkarten-bilder-aus-schneidemuehl-pila\/\" class=\"more-link\">Mehr <span class=\"screen-reader-text\">\u00fcber &#8222;Alte Postkarten\/Bilder aus Schneidem\u00fchl\/Pi\u0142a&#8220; <\/span>Lesen<\/a><\/p>\n","protected":false},"author":3,"featured_media":0,"comment_status":"closed","ping_status":"open","sticky":false,"template":"","format":"standard","meta":{"_acf_changed":false,"_kadence_starter_templates_imported_post":false,"footnotes":""},"categories":[10],"tags":[],"class_list":["post-3643","post","type-post","status-publish","format-standard","hentry","category-aktualnosci"],"acf":[],"featured_media_urls":[],"_links":{"self":[{"href":"https:\/\/schneidemuehl.net\/index.php\/wp-json\/wp\/v2\/posts\/3643","targetHints":{"allow":["GET"]}}],"collection":[{"href":"https:\/\/schneidemuehl.net\/index.php\/wp-json\/wp\/v2\/posts"}],"about":[{"href":"https:\/\/schneidemuehl.net\/index.php\/wp-json\/wp\/v2\/types\/post"}],"author":[{"embeddable":true,"href":"https:\/\/schneidemuehl.net\/index.php\/wp-json\/wp\/v2\/users\/3"}],"replies":[{"embeddable":true,"href":"https:\/\/schneidemuehl.net\/index.php\/wp-json\/wp\/v2\/comments?post=3643"}],"version-history":[{"count":2,"href":"https:\/\/schneidemuehl.net\/index.php\/wp-json\/wp\/v2\/posts\/3643\/revisions"}],"predecessor-version":[{"id":3645,"href":"https:\/\/schneidemuehl.net\/index.php\/wp-json\/wp\/v2\/posts\/3643\/revisions\/3645"}],"wp:attachment":[{"href":"https:\/\/schneidemuehl.net\/index.php\/wp-json\/wp\/v2\/media?parent=3643"}],"wp:term":[{"taxonomy":"category","embeddable":true,"href":"https:\/\/schneidemuehl.net\/index.php\/wp-json\/wp\/v2\/categories?post=3643"},{"taxonomy":"post_tag","embeddable":true,"href":"https:\/\/schneidemuehl.net\/index.php\/wp-json\/wp\/v2\/tags?post=3643"}],"curies":[{"name":"wp","href":"https:\/\/api.w.org\/{rel}","templated":true}]}}