{"id":1015,"date":"2024-10-01T13:38:07","date_gmt":"2024-10-01T13:38:07","guid":{"rendered":"http:\/\/schneidemuehl.net\/?p=1015"},"modified":"2026-03-08T10:13:18","modified_gmt":"2026-03-08T10:13:18","slug":"literatur-ueber-schneidemuehl-ist-noch-erhaeltlich","status":"publish","type":"post","link":"https:\/\/schneidemuehl.net\/index.php\/2024\/10\/01\/literatur-ueber-schneidemuehl-ist-noch-erhaeltlich\/","title":{"rendered":"Literatur \u00fcber Schneidem\u00fchl<\/strong>\u00a0ist noch erh\u00e4ltlich!"},"content":{"rendered":"\n<p>zu beziehen \u00fcber Rosemarie Pohl<\/p>\n\n\n\n<p><strong>Schneidem\u00fchler Heimatbrief 4 Ausgaben j\u00e4hrlich im Abonnement &#8211; Preis von 25,00 Euro<\/strong><\/p>\n\n\n\n<p>Der Heimatbrief erscheint alle zwei Monate mit Berichten von fr\u00fcher und heute<\/p>\n\n\n\n<p><\/p>\n\n\n\n<p><strong>Zeittafel zur Geschichte der Stadt Schneidem\u00fchl&nbsp;&#8211;&nbsp;Preis:&nbsp;&nbsp; 3,00 \u20ac<\/strong><\/p>\n\n\n\n<p>Zusammengestellt von Egon Lange, DIN A 4, 52 Seiten<\/p>\n\n\n\n<p>Wichtige Daten beginnend im Jahre 3000 v. Chr. Bis 1945<\/p>\n\n\n\n<p><\/p>\n\n\n\n<p><strong>Zeittafel zur Geschichte der Stadt Schneidem\u00fchl &#8211; <\/strong><strong>Preis: 3,00 \u20ac<\/strong><\/p>\n\n\n\n<p>\u2013 <strong>Fortsetzung- wieder im Nachdruck vorhanden<\/strong><\/p>\n\n\n\n<p>Interessantes aus Schneidem\u00fchls Vergangenheit<\/p>\n\n\n\n<p>DIN A 4, 243 Seiten<\/p>\n\n\n\n<p><strong>Bollwerk Schneidem\u00fchl, Grenzmarkf\u00fchrer &#8211; <\/strong><strong>Preis: 1,00 \u20ac<\/strong><\/p>\n\n\n\n<p><strong>Ausgabe 1937<\/strong><\/p>\n\n\n\n<p>von Hans Jakob Schmitz, DIN A 6, 51 Seiten (Nachdruck)<\/p>\n\n\n\n<p><\/p>\n\n\n\n<p><strong>Bis zuletzt in Schneidem\u00fchl, ein Tatsachenbericht 1945<\/strong><strong>&nbsp;&#8211; Preis: 10,00&nbsp;\u20ac<\/strong><\/p>\n\n\n\n<p>von Dr. Joseph Stukowski, DIN A 5, 134 Seiten (4. Nachdruck)<\/p>\n\n\n\n<p><\/p>\n\n\n\n<p><strong>GEFLOHEN GEBLIEBEN VERTRIEBEN, Pommern 1945<\/strong><\/p>\n\n\n\n<p><strong>Zeitzeugen-Dokument &#8211; Nachdruck &#8211;<\/strong><strong> Preis 10,00 \u20ac<\/strong><\/p>\n\n\n\n<p>Der Kampf um die Festung Schneidem\u00fchl<\/p>\n\n\n\n<p>und 14 Erlebnisberichte aus dieser Zeit<\/p>\n\n\n\n<p>Hrsg. Wilfried Dallmann und Friedrich-Wilhelm Kremer<\/p>\n\n\n\n<p>fest geb. 244 Seiten&nbsp;&nbsp;<\/p>\n\n\n\n<p><\/p>\n\n\n\n<p><strong>Der Junge von \u00dcberbr\u00fcck, Erlebnisbericht &#8211; Preis:&nbsp; 3,00 \u20ac<\/strong><\/p>\n\n\n\n<p>von Georg Schmidt, Jahrgang 1924, \u00fcber Kindheit und<\/p>\n\n\n\n<p>Jugend in Schneidem\u00fchl in der Ackerstra\u00dfe, \u00fcber sein Schicksal<\/p>\n\n\n\n<p>als Soldat an der Ostfront, als Kriegsgefangener und Heimkehrer.<\/p>\n\n\n\n<p>Hrsg. Stephan Schmidt, fest geb. 145 Seiten<\/p>\n\n\n\n<p><\/p>\n\n\n\n<p><strong>Bildband \u201dEs war so eine Stadt<\/strong><strong>\u201d  &#8211; Preis: 25,00 \u20ac<\/strong><\/p>\n\n\n\n<p><strong>Schneidem\u00fchl auf alten&nbsp;Postkarten<\/strong><\/p>\n\n\n\n<p>fest geb. 400 Seiten,&nbsp;polnische Ausgabe 2013<\/p>\n\n\n\n<p>in deutscher Sprache, Hrsg. Stanislaw Staszic Museum<\/p>\n\n\n\n<ul class=\"wp-block-list\">\n<li><strong>Wir k\u00f6nnen das Buch wieder anbieten <\/strong>&#8211;<\/li>\n<\/ul>\n\n\n\n<p><\/p>\n\n\n\n<p><strong>Aus der Festung in die Altmark<\/strong>  &#8211; <strong>Preis: 5,00 \u20ac<\/strong><\/p>\n\n\n\n<p>bewegender Bericht des Schneidem\u00fchlers Ulrich Ernst Prigann (Stendal)<\/p>\n\n\n\n<p>Gro\u00dfdruck, 169 Seiten<\/p>\n\n\n\n<p><\/p>\n\n\n\n<p><strong>M\u00e4rchen aus Posen und Westpreu\u00dfen &#8211; Preis: 1,00 \u20ac<\/strong><\/p>\n\n\n\n<p>Sonderheft der Grenzm\u00e4rkischen Heimatbl\u00e4tter 1937<\/p>\n\n\n\n<p>Fest geb. 109 Seiten<\/p>\n\n\n\n<p><\/p>\n\n\n\n<p><strong>Lothar Fischer, Jahrgang 1927 &#8211; Preis: 1,00 \u20ac<\/strong><\/p>\n\n\n\n<p>Erinnerungen 1927 \u2013 1948,<\/p>\n\n\n\n<p>Brosch\u00fcre, Gro\u00dfdruck 75 Seiten (Eigenverlag)<\/p>\n\n\n\n<p><\/p>\n\n\n\n<p><strong>Stadtplan Schneidem\u00fchl &#8211; Preis: 1,00 \u20ac<\/strong><\/p>\n\n\n\n<p>Ausgabe 1938&nbsp;&nbsp;<\/p>\n\n\n\n<p><\/p>\n\n\n\n<p><strong>Adre\u00dfbuch der Stadt Schneidem\u00fchl &#8211; Preis: 15,00 \u20ac<\/strong><\/p>\n\n\n\n<p><strong> Nachdruck <\/strong>mit den Orten der Umgebung von 1938, 466 Seiten<\/p>\n\n\n\n<p>Ausgabe \u201eDer Gesellige, Schneidem\u00fchl\u201c Juni 1938<\/p>\n\n\n\n<ol class=\"wp-block-list\">\n<li>Teil: Namentliches Verzeichnis der Einwohner<\/li>\n\n\n\n<li>Teil: Stra\u00dfenverzeichnis (mit den Namen der Einwohner in jedem Haus)<\/li>\n\n\n\n<li>Teil: Gewerbeverzeichnis nach Stra\u00dfenz\u00fcgen<\/li>\n\n\n\n<li>Teil: Beh\u00f6rden und \u00f6ffentliche Einrichtungen<\/li>\n\n\n\n<li>Teil: 17 Orte der Umgebung (von Borkendorf \u2013 Uschhauland)<\/li>\n<\/ol>\n\n\n\n<p><\/p>\n\n\n\n<p><strong>Edith als Kind durch den Krieg<\/strong><\/p>\n\n\n\n<p>Erinnerungen an eine Kindheit in Schneidem\u00fchl<\/p>\n\n\n\n<p>und anschlie\u00dfende Flucht von Edith Kraatz,<\/p>\n\n\n\n<p>geb. Kapitke, Schneidem\u00fchl, Dirschauer Stra\u00dfe<\/p>\n\n\n\n<p>130 Seiten.<\/p>\n\n\n\n<p>Das Buch ist als eBook bei Amazon-Kindle f\u00fcr<\/p>\n\n\n\n<p>ca. 4 \u20ac erh\u00e4ltlich<\/p>\n\n\n\n<p><\/p>\n\n\n\n<p><strong>Empfehlenswerte zweisprachige Stra\u00dfenkarte<\/strong><\/p>\n\n\n\n<p><strong>wurde wieder aufgelegt &#8211; <\/strong><strong>Preis: 15,00 \u20ac<\/strong><\/p>\n\n\n\n<p>Polen 004 (1 : 200.000)<\/p>\n\n\n\n<p>S\u00fcdliches Pommern \u2013 Netzebruch &#8211;<\/p>\n\n\n\n<p>Schneidem\u00fchl \u2013 Bromberg &#8211; Thorn<\/p>\n\n\n\n<p><\/p>\n\n\n\n<p><strong>Diese B\u00fccher (+ Porto) k\u00f6nnen \u00fcber Rosemarie Pohl bezogen werden<\/strong><\/p>\n\n\n\n<p>Rosemarie Pohl<\/p>\n\n\n\n<p>Hebbelstr. 2<\/p>\n\n\n\n<p>49716 Meppen<\/p>\n\n\n\n<p>Tel. Nr. 05931 12424, Mail: rosipohl36@gmail.com<\/p>\n","protected":false},"excerpt":{"rendered":"<p>zu beziehen \u00fcber Rosemarie Pohl Schneidem\u00fchler Heimatbrief 4 Ausgaben j\u00e4hrlich im Abonnement &#8211; Preis von 25,00 Euro Der Heimatbrief erscheint alle zwei Monate mit Berichten von fr\u00fcher und heute Zeittafel zur Geschichte der Stadt Schneidem\u00fchl&nbsp;&#8211;&nbsp;Preis:&nbsp;&nbsp; 3,00 \u20ac Zusammengestellt von Egon Lange, DIN A 4, 52 Seiten Wichtige Daten beginnend im Jahre 3000 v. Chr. Bis &hellip; <\/p>\n<p class=\"link-more\"><a href=\"https:\/\/schneidemuehl.net\/index.php\/2024\/10\/01\/literatur-ueber-schneidemuehl-ist-noch-erhaeltlich\/\" class=\"more-link\">Mehr <span class=\"screen-reader-text\">\u00fcber &#8222;Literatur \u00fcber Schneidem\u00fchl<\/strong>\u00a0ist noch erh\u00e4ltlich!&#8220; <\/span>Lesen<\/a><\/p>\n","protected":false},"author":3,"featured_media":0,"comment_status":"open","ping_status":"closed","sticky":true,"template":"","format":"standard","meta":{"_acf_changed":false,"_kadence_starter_templates_imported_post":false,"footnotes":""},"categories":[10],"tags":[],"class_list":["post-1015","post","type-post","status-publish","format-standard","hentry","category-aktualnosci"],"acf":[],"featured_media_urls":[],"_links":{"self":[{"href":"https:\/\/schneidemuehl.net\/index.php\/wp-json\/wp\/v2\/posts\/1015","targetHints":{"allow":["GET"]}}],"collection":[{"href":"https:\/\/schneidemuehl.net\/index.php\/wp-json\/wp\/v2\/posts"}],"about":[{"href":"https:\/\/schneidemuehl.net\/index.php\/wp-json\/wp\/v2\/types\/post"}],"author":[{"embeddable":true,"href":"https:\/\/schneidemuehl.net\/index.php\/wp-json\/wp\/v2\/users\/3"}],"replies":[{"embeddable":true,"href":"https:\/\/schneidemuehl.net\/index.php\/wp-json\/wp\/v2\/comments?post=1015"}],"version-history":[{"count":9,"href":"https:\/\/schneidemuehl.net\/index.php\/wp-json\/wp\/v2\/posts\/1015\/revisions"}],"predecessor-version":[{"id":4867,"href":"https:\/\/schneidemuehl.net\/index.php\/wp-json\/wp\/v2\/posts\/1015\/revisions\/4867"}],"wp:attachment":[{"href":"https:\/\/schneidemuehl.net\/index.php\/wp-json\/wp\/v2\/media?parent=1015"}],"wp:term":[{"taxonomy":"category","embeddable":true,"href":"https:\/\/schneidemuehl.net\/index.php\/wp-json\/wp\/v2\/categories?post=1015"},{"taxonomy":"post_tag","embeddable":true,"href":"https:\/\/schneidemuehl.net\/index.php\/wp-json\/wp\/v2\/tags?post=1015"}],"curies":[{"name":"wp","href":"https:\/\/api.w.org\/{rel}","templated":true}]}}